{"id":276,"date":"2025-05-22T10:13:31","date_gmt":"2025-05-22T10:13:31","guid":{"rendered":"https:\/\/encoremusictours.com\/?p=276"},"modified":"2025-05-22T10:13:33","modified_gmt":"2025-05-22T10:13:33","slug":"xavier-rudd-anade-una-fecha-mas-a-su-gira-por-nuestro-pais","status":"publish","type":"post","link":"https:\/\/encoremusictours.com\/en\/xavier-rudd-anade-una-fecha-mas-a-su-gira-por-nuestro-pais\/","title":{"rendered":"XAVIER RUDD a\u00f1ade una fecha m\u00e1s a su gira por nuestro pa\u00eds"},"content":{"rendered":"<p><strong>Ser\u00e1 en el Palacio de la \u00d3pera de A Coru\u00f1a donde inaugurar\u00e1 su EuroUK Tour 2025<\/strong><\/p>\n\n\n\n<p>Entradas: <\/p>\n\n\n\n<figure class=\"wp-block-image size-full is-resized\"><img loading=\"lazy\" decoding=\"async\" width=\"542\" height=\"767\" src=\"https:\/\/encoremusictours.com\/wp-content\/uploads\/2025\/05\/Poster-A-Coruna-red.jpg\" alt=\"\" class=\"wp-image-277\" style=\"width:747px;height:auto\" srcset=\"https:\/\/encoremusictours.com\/wp-content\/uploads\/2025\/05\/Poster-A-Coruna-red.jpg 542w, https:\/\/encoremusictours.com\/wp-content\/uploads\/2025\/05\/Poster-A-Coruna-red-212x300.jpg 212w, https:\/\/encoremusictours.com\/wp-content\/uploads\/2025\/05\/Poster-A-Coruna-red-8x12.jpg 8w\" sizes=\"auto, (max-width: 542px) 100vw, 542px\" \/><\/figure>\n\n\n\n<p>Xavier Rudd se erige como uno de los grandes de la industria musical australiana de todos los tiempos, con una notable carrera de m\u00e1s de 20 a\u00f1os. Su m\u00fasica \u00fanica e inspiradora ha tocado vidas en todo el mundo. Desde su influyente \u00e1lbum de 2002, \u201cTo Let\u201d, Xavier cautiv\u00f3 r\u00e1pidamente a los fans con su extraordinario talento como multiinstrumentista y su firme compromiso con el activismo social y ambiental. Con el paso de los a\u00f1os, sus din\u00e1micas presentaciones en directo han evolucionado desde banda completa y tr\u00edo hasta su actual formato de hombre orquesta, aclamado internacionalmente.<\/p>\n\n\n\n<p>Ampliando ahora lo que ha demostrado ser el espect\u00e1culo en solitario m\u00e1s complejo de su carrera, donde Xavier combina a la perfecci\u00f3n m\u00faltiples instrumentos, intrincados bucles en vivo y paisajes sonoros envolventes.<\/p>\n\n\n\n<p><a href=\"https:\/\/finojet.com\/\">Finojet<\/a>&nbsp;conocido por su sonido ecl\u00e9ctico y sus cautivadoras actuaciones, con una mezcla \u00fanica de g\u00e9neros que abarca el indie rock y las influencias folk abrir\u00e1 todos sus conciertos.<\/p>\n\n\n\n<p>Habiendo anunciado hace un par de meses el inicio de su EuroUK Tour, empezando en Espa\u00f1a, suma una fecha m\u00e1s a las ya anunciadas. Ser\u00e1 el Palacio \u00d3pera de <strong>A Coru\u00f1a<\/strong> el s\u00e1bado 20 de septiembre. El resto de fechas son La Riviera en <strong>Madrid<\/strong> el domingo 21, Palau de la M\u00fasica Catalana de <strong>Barcelona<\/strong> el lunes 22, la Sala Roig de <strong>Valencia<\/strong> el jueves 25 y Santana 27 de <strong>Bilbao<\/strong> el viernes 26 de septiembre.<\/p>\n\n\n\n<p>Las <strong>entradas<\/strong> para A Coru\u00f1a y el resto de cudades ya est\u00e1n a la venta\u00a0 en <a href=\"https:\/\/encoremusictours.com\/en\/\" target=\"_blank\" rel=\"noreferrer noopener\">Encore Music Tours<\/a>.<\/p>\n\n\n\n<figure class=\"wp-block-image size-full\"><img loading=\"lazy\" decoding=\"async\" width=\"542\" height=\"767\" src=\"https:\/\/encoremusictours.com\/wp-content\/uploads\/2025\/05\/Poster-A-Coruna-red-1.jpg\" alt=\"\" class=\"wp-image-280\" srcset=\"https:\/\/encoremusictours.com\/wp-content\/uploads\/2025\/05\/Poster-A-Coruna-red-1.jpg 542w, https:\/\/encoremusictours.com\/wp-content\/uploads\/2025\/05\/Poster-A-Coruna-red-1-212x300.jpg 212w, https:\/\/encoremusictours.com\/wp-content\/uploads\/2025\/05\/Poster-A-Coruna-red-1-8x12.jpg 8w\" sizes=\"auto, (max-width: 542px) 100vw, 542px\" \/><\/figure>","protected":false},"excerpt":{"rendered":"Ser\u00e1 en el Palacio de la \u00d3pera de A Coru\u00f1a donde inaugurar\u00e1 su EuroUK Tour 2025 Entradas: Xavier Rudd se erige como uno \n<a class=\"moretag\" href=\"https:\/\/encoremusictours.com\/en\/xavier-rudd-anade-una-fecha-mas-a-su-gira-por-nuestro-pais\/\"> [...]<\/a>","protected":false},"author":1,"featured_media":278,"comment_status":"closed","ping_status":"closed","sticky":false,"template":"","format":"standard","meta":{"footnotes":""},"categories":[19,20],"tags":[],"class_list":["post-276","post","type-post","status-publish","format-standard","has-post-thumbnail","hentry","category-noticias","category-proximos-conciertos"],"_links":{"self":[{"href":"https:\/\/encoremusictours.com\/en\/wp-json\/wp\/v2\/posts\/276","targetHints":{"allow":["GET"]}}],"collection":[{"href":"https:\/\/encoremusictours.com\/en\/wp-json\/wp\/v2\/posts"}],"about":[{"href":"https:\/\/encoremusictours.com\/en\/wp-json\/wp\/v2\/types\/post"}],"author":[{"embeddable":true,"href":"https:\/\/encoremusictours.com\/en\/wp-json\/wp\/v2\/users\/1"}],"replies":[{"embeddable":true,"href":"https:\/\/encoremusictours.com\/en\/wp-json\/wp\/v2\/comments?post=276"}],"version-history":[{"count":1,"href":"https:\/\/encoremusictours.com\/en\/wp-json\/wp\/v2\/posts\/276\/revisions"}],"predecessor-version":[{"id":281,"href":"https:\/\/encoremusictours.com\/en\/wp-json\/wp\/v2\/posts\/276\/revisions\/281"}],"wp:featuredmedia":[{"embeddable":true,"href":"https:\/\/encoremusictours.com\/en\/wp-json\/wp\/v2\/media\/278"}],"wp:attachment":[{"href":"https:\/\/encoremusictours.com\/en\/wp-json\/wp\/v2\/media?parent=276"}],"wp:term":[{"taxonomy":"category","embeddable":true,"href":"https:\/\/encoremusictours.com\/en\/wp-json\/wp\/v2\/categories?post=276"},{"taxonomy":"post_tag","embeddable":true,"href":"https:\/\/encoremusictours.com\/en\/wp-json\/wp\/v2\/tags?post=276"}],"curies":[{"name":"wp","href":"https:\/\/api.w.org\/{rel}","templated":true}]}}